[{"@context":"https:\/\/schema.org\/","@type":"Article","@id":"https:\/\/www.etage.cz\/propagace-zdraveho-vzhledu-nebo-obezity\/#Article","mainEntityOfPage":"https:\/\/www.etage.cz\/propagace-zdraveho-vzhledu-nebo-obezity\/","headline":"Propagace zdrav\u00e9ho vzhledu nebo obezity?","name":"Propagace zdrav\u00e9ho vzhledu nebo obezity?","description":"Za\u010dalo se to pomalu objevovat, nejd\u0159\u00edv ve velk\u00fdch st\u00e1tech za mo\u0159em, pak i v\u00a0t\u011bch men\u0161\u00edch, nejd\u0159\u00edv ve velk\u00fdch spole\u010dnostech a [&hellip;]","datePublished":"2019-10-26","dateModified":"2023-05-01","author":{"@type":"Person","@id":"https:\/\/www.etage.cz\/author\/#Person","name":"","url":"https:\/\/www.etage.cz\/author\/","identifier":1,"image":{"@type":"ImageObject","@id":"https:\/\/secure.gravatar.com\/avatar\/a4f7f6499f3b2a0764d0773f1f5d74780987cfbea7e736c0e74f6185bb257971?s=96&d=mm&r=g","url":"https:\/\/secure.gravatar.com\/avatar\/a4f7f6499f3b2a0764d0773f1f5d74780987cfbea7e736c0e74f6185bb257971?s=96&d=mm&r=g","height":96,"width":96}},"publisher":{"@type":"Organization","name":"etage.cz","logo":{"@type":"ImageObject","@id":"\/logo.png","url":"\/logo.png","width":600,"height":60}},"image":{"@type":"ImageObject","@id":"https:\/\/www.etage.cz\/wp-content\/uploads\/img_a356086_w3693_t1570875778.jpg","url":"https:\/\/www.etage.cz\/wp-content\/uploads\/img_a356086_w3693_t1570875778.jpg","height":0,"width":0},"url":"https:\/\/www.etage.cz\/propagace-zdraveho-vzhledu-nebo-obezity\/","about":["M\u00f3da"],"wordCount":494,"articleBody":"Za\u010dalo se to pomalu objevovat, nejd\u0159\u00edv ve velk\u00fdch st\u00e1tech za mo\u0159em, pak i v\u00a0t\u011bch men\u0161\u00edch, nejd\u0159\u00edv ve velk\u00fdch spole\u010dnostech a nakonec i v\u00a0mal\u00fdch obchodech. Je to z\u00e1le\u017eitost posledn\u00ed doby, kdy za\u010dal b\u00fdt hodn\u011b v\u00a0m\u00f3d\u011b zdrav\u00fd \u017eivotn\u00ed styl, ale v\u00e1\u017en\u011b zdrav\u00fd. Za\u010dalo se mluvit o poruch\u00e1ch p\u0159\u00edjmu potravy, najednou u\u017e nebyli nemocn\u00ed jen ti ob\u00e9zn\u00ed, ale i ti vyhubl\u00ed. Za\u010dalo se prosazovat, \u017ee stejn\u011b jako nen\u00ed kr\u00e1sn\u00e1 obezita, nen\u00ed kr\u00e1sn\u00e1 ani podv\u00fd\u017eiva a pr\u00e1v\u011b s\u00a0velmi vyhubl\u00fdmi modelkami se v\u00a0m\u00f3d\u011b setk\u00e1v\u00e1me velice \u010dasto.\tLid\u00e9 se za\u010dali oz\u00fdvat s\u00a0t\u00edm, \u017ee se jim to nel\u00edb\u00ed. Nel\u00edb\u00ed se jim to, \u017ee n\u00e1m agentury ,,tla\u010d\u00ed\u201c do hlavy, \u017ee pr\u00e1v\u011b tohle je ta kr\u00e1sa a nic jin\u00e9ho. V\u00a0minulosti m\u011bli pr\u00e1v\u011b proto lid\u00e9 tendence sna\u017eit se vypadat co nejv\u00edc jako tyto modelky. Te\u010f se ale ozvali ti, kte\u0159\u00ed nejsou vyhubl\u00ed, ba naopak, ale co se maj\u00ed takov\u00ed r\u00e1di a co jsou se sebou maxim\u00e1ln\u011b spokojen\u00ed. Za\u010dali prosazovat, \u017ee do m\u00f3dy pat\u0159\u00ed i lid\u00e9 jejich typu postavy. A povedlo se to, dnes se ji\u017e m\u016f\u017eeme setk\u00e1vat v\u00a0obchodech s\u00a0figur\u00ednami, kter\u00e9 reprezentuj\u00ed oble\u010den\u00ed ve v\u011bt\u0161\u00edch velikostech.\t\u00a0Jen\u017ee ned\u00e1vno se za\u010daly objevovat manek\u00fdni vylo\u017een\u011b obezn\u00ed. A tehdy spoust\u011b lid\u00ed stoupla do hlavy ot\u00e1zka, zda to byl spr\u00e1vn\u00fd krok. Na jednu stranu jist\u011b nen\u00ed nutn\u00e9 nikoho diskriminovat, nikomu se posm\u00edvat, nikdo by se za sv\u016fj vzhled nem\u011bl styd\u011bt jen proto, \u017ee se n\u011bkomu jin\u00e9mu nel\u00edb\u00ed. Ale kdy\u017e jsme se setk\u00e1vali s\u00a0vyhubl\u00fdmi modelkami, m\u011bli tendenci lid\u00e9 tohle pova\u017eovat za dobr\u00e9 a m\u011bli v\u011bt\u0161\u00ed snahu se v\u00a0tomto ohledu o sebe v\u00edc starat. Jak to ale bude te\u010f? Kdy\u017e si za\u010dne sv\u011bt v\u00edc zvykat na to, \u017ee velikosti za\u010d\u00ednaj\u00edc\u00ed n\u011bkolika x jsou vlastn\u011b v\u00a0po\u0159\u00e1dku? Mo\u017en\u00e1 by se dala naj\u00edt n\u011bjak\u00e1 zlat\u00e1 st\u0159edn\u00ed cesta. Pokud by se figur\u00edny a modelky prezentovali ve st\u0159edn\u00edch velikostech, nap\u0159\u00edklad M\/L, ne v\u00a0XS\/S ale ani v\u00a0XXL\/XXXL,\u00a0 lid\u00e9 by vid\u011bli co znamen\u00e1 ,,vypadat norm\u00e1ln\u011b\u201c a nevrhali by se po hlav\u011b do \u0161\u00edlen\u00fdch diet, aby co nejrychleji zhubli a nebo se neza\u010dali cp\u00e1t fastfoodem, aby naopak nabrali, a m\u011bli by zdrav\u011bj\u0161\u00ed n\u00e1zor.\t\tBohu\u017eel si kolikr\u00e1t ani neuv\u011bdomujeme jak n\u00e1s tyto ,,mali\u010dkosti\u201c m\u016f\u017eou ovlivnit a pok\u0159ivit n\u00e1m n\u00e1\u0161 vlast\u00ed zdrav\u00fd n\u00e1zor. Uvid\u00edme sami jak toto dopadne a kam se to posune, jen nedovolme, aby n\u00e1m to a\u017e p\u0159\u00ed\u0161li\u0161 stouplo do hlavy.                                                                                                                                                                                                                                                                                                                                                                                        4.5\/5 - (2 votes)        "},{"@context":"https:\/\/schema.org\/","@type":"BreadcrumbList","itemListElement":[{"@type":"ListItem","position":1,"name":"Propagace zdrav\u00e9ho vzhledu nebo obezity?","item":"https:\/\/www.etage.cz\/propagace-zdraveho-vzhledu-nebo-obezity\/#breadcrumbitem"}]}]