[{"@context":"https:\/\/schema.org\/","@type":"Article","@id":"https:\/\/www.etage.cz\/priprava-vasi-zahrady-na-zimu\/#Article","mainEntityOfPage":"https:\/\/www.etage.cz\/priprava-vasi-zahrady-na-zimu\/","headline":"P\u0159\u00edprava va\u0161\u00ed zahrady na zimu","name":"P\u0159\u00edprava va\u0161\u00ed zahrady na zimu","description":"Pomalu ale jist\u011b se n\u00e1m zkracuj\u00ed dny a prodlu\u017euj\u00ed noci. Sami na sob\u011b poci\u0165ujeme podzimn\u00ed \u00fanavu a opra\u0161ujeme kab\u00e1ty, kter\u00e9 [&hellip;]","datePublished":"2019-09-25","dateModified":"2023-05-01","author":{"@type":"Person","@id":"https:\/\/www.etage.cz\/author\/#Person","name":"","url":"https:\/\/www.etage.cz\/author\/","identifier":1,"image":{"@type":"ImageObject","@id":"https:\/\/secure.gravatar.com\/avatar\/a4f7f6499f3b2a0764d0773f1f5d74780987cfbea7e736c0e74f6185bb257971?s=96&d=mm&r=g","url":"https:\/\/secure.gravatar.com\/avatar\/a4f7f6499f3b2a0764d0773f1f5d74780987cfbea7e736c0e74f6185bb257971?s=96&d=mm&r=g","height":96,"width":96}},"publisher":{"@type":"Organization","name":"etage.cz","logo":{"@type":"ImageObject","@id":"\/logo.png","url":"\/logo.png","width":600,"height":60}},"image":{"@type":"ImageObject","@id":"https:\/\/www.etage.cz\/wp-content\/uploads\/img_a354966_w3693_t1569415094.jpg","url":"https:\/\/www.etage.cz\/wp-content\/uploads\/img_a354966_w3693_t1569415094.jpg","height":0,"width":0},"url":"https:\/\/www.etage.cz\/priprava-vasi-zahrady-na-zimu\/","about":["Byt a d\u016fm"],"wordCount":400,"articleBody":"Pomalu ale jist\u011b se n\u00e1m zkracuj\u00ed dny a prodlu\u017euj\u00ed noci. Sami na sob\u011b poci\u0165ujeme podzimn\u00ed \u00fanavu a opra\u0161ujeme kab\u00e1ty, kter\u00e9 n\u00e1s p\u0159i tro\u0161e \u0161t\u011bst\u00ed udr\u017e\u00ed v teple. My ale nejsme jedin\u00ed, kte\u0159\u00ed se mus\u00ed p\u0159ipravit na chladn\u011bj\u0161\u00ed dny. Tak\u00e9 na\u0161e zahrada se pot\u0159ebuje na toto ro\u010dn\u00ed obdob\u00ed \u0159\u00e1dn\u011b p\u0159ipravit. A rozhodn\u011b to nezvl\u00e1dne sama od p\u0159\u00edrody. Od toho tu jsme my, zahr\u00e1dk\u00e1\u0159i, kte\u0159\u00ed mus\u00ed zajistit rostliny a stromky na dal\u0161\u00ed rok.\t\u00a0Jahody a bylinky\tSnad ka\u017ed\u00fd zahr\u00e1dk\u00e1\u0159 vlastn\u00ed jahody a n\u011bjak\u00e9 ty bylinky (kdy\u017e nepo\u010d\u00edt\u00e1me ty, kter\u00e9 vydr\u017e\u00ed pouze rok). Zrovna te\u010f je nejlep\u0161\u00ed obdob\u00ed p\u0159ipravit na\u0161e jahodn\u00edky na &#8222;\u010das span\u00ed&#8220;. Jak? Mus\u00edme je zbavit v\u0161ech uschl\u00fdch \u010d\u00e1st\u00ed. A\u0165 u\u017e such\u00fdch list\u016f, nebo uschl\u00fdch v\u011bt\u00fdvek s plody. Tak\u00e9 je t\u0159eba zkontrolovat, jestli rostlina nepustila takzvan\u00e9 odno\u017ee. Ty jsou v\u00fdsledkem rozmno\u017eovac\u00edho cyklu jahod, kter\u00e9 pr\u00e1v\u011b odno\u017ei roz\u0161i\u0159uj\u00ed svou populaci. \tTyto odno\u017ee ale mohou samotnou mate\u0159skou rostlinu oslabovat. Proto je t\u0159eba je odst\u0159ihnout a zako\u0159en\u011bnou rostlinku m\u016f\u017eeme bu\u010fto nechat na m\u00edst\u011b, p\u0159esadit nebo se j\u00ed \u00fapln\u011b zbavit. Kdy\u017e m\u00e1me v\u0161echny tyto kroky hotov\u00e9, m\u016f\u017eeme rostlinu zakr\u00fdt v\u011btvi\u010dkami smrku.\t\t\u00a0Ovocn\u00e9 stromky\tI u ovocn\u00fdch stromk\u016f se doporu\u010duje p\u0159\u00edprava na zimu. Zejm\u00e9na na zimn\u00ed dny, kdy je sice zima, ale z\u00e1rove\u0148 s t\u00edm sv\u00edt\u00ed slunce. Pokud je stromek studen\u00fd a za\u010dne na n\u011bj v zim\u011b sv\u00edtit slunce, m\u016f\u017ee popraskat. Vyhnout se tomu d\u00e1 jednodu\u0161e. Sta\u010d\u00ed si po\u0159\u00eddit v\u00e1pno, kter\u00e9 rozpust\u00edme ve vod\u011b a stromek m\u016f\u017eeme nat\u0159\u00edt. Zejm\u00e9na na m\u00edstech, kde hroz\u00ed poprask\u00e1n\u00ed. Co\u017e je nap\u0159\u00edklad kmen, siln\u011bj\u0161\u00ed v\u011btve a m\u00edsta, kde se strom v\u011btv\u00ed. V\u00e1pno d\u00edky sv\u00e9 barv\u011b odraz\u00ed slune\u010dn\u00ed paprsky a stromky tak nebudou muset \u010delit p\u0159\u00edm\u00e9mu svitu. \t\u00a0P\u0159ipravit zahr\u00e1dku na zimu nen\u00ed \u017e\u00e1dn\u00e1 v\u011bda. Jde jen o to, aby se n\u00e1m do toho cht\u011blo. Nen\u00ed od v\u011bci si tak\u00e9 p\u0159e\u010d\u00edst odbornou literaturu o tom, jak nejl\u00e9pe a bezpe\u010dn\u011b rostliny zabezpe\u010dit.                                                                                                                                                                                                                                                                                                                                                                                        4.3\/5 - (11 votes)        "},{"@context":"https:\/\/schema.org\/","@type":"BreadcrumbList","itemListElement":[{"@type":"ListItem","position":1,"name":"P\u0159\u00edprava va\u0161\u00ed zahrady na zimu","item":"https:\/\/www.etage.cz\/priprava-vasi-zahrady-na-zimu\/#breadcrumbitem"}]}]