[{"@context":"https:\/\/schema.org\/","@type":"Article","@id":"https:\/\/www.etage.cz\/misto-pro-firemni-akce\/#Article","mainEntityOfPage":"https:\/\/www.etage.cz\/misto-pro-firemni-akce\/","headline":"M\u00edsto pro firemn\u00ed akce","name":"M\u00edsto pro firemn\u00ed akce","description":"Pokud p\u0159em\u00fd\u0161l\u00edte o m\u00edstu, kde uspo\u0159\u00e1dat \u0161kolen\u00ed zam\u011bstnanc\u016f, semin\u00e1\u0159e nebo teambuilding? Hotel Kol\u00edn se pro V\u00e1s stane tou nejlep\u0161\u00ed volbou. [&hellip;]","datePublished":"2024-12-14","dateModified":"2024-12-14","author":{"@type":"Person","@id":"https:\/\/www.etage.cz\/author\/#Person","name":"","url":"https:\/\/www.etage.cz\/author\/","identifier":1,"image":{"@type":"ImageObject","@id":"https:\/\/secure.gravatar.com\/avatar\/a4f7f6499f3b2a0764d0773f1f5d74780987cfbea7e736c0e74f6185bb257971?s=96&d=mm&r=g","url":"https:\/\/secure.gravatar.com\/avatar\/a4f7f6499f3b2a0764d0773f1f5d74780987cfbea7e736c0e74f6185bb257971?s=96&d=mm&r=g","height":96,"width":96}},"publisher":{"@type":"Organization","name":"etage.cz","logo":{"@type":"ImageObject","@id":"\/logo.png","url":"\/logo.png","width":600,"height":60}},"url":"https:\/\/www.etage.cz\/misto-pro-firemni-akce\/","wordCount":154,"articleBody":"Pokud p\u0159em\u00fd\u0161l\u00edte o m\u00edstu, kde uspo\u0159\u00e1dat \u0161kolen\u00ed zam\u011bstnanc\u016f, semin\u00e1\u0159e nebo teambuilding? Hotel Kol\u00edn se pro V\u00e1s stane tou nejlep\u0161\u00ed volbou. Ur\u010dit\u011b ocen\u00edte vhodnou polohu rezortu. Nab\u00edz\u00edme k pron\u00e1jmu klimatizovan\u00fd kongresov\u00fd s\u00e1l. M\u00e1me k dispozici modern\u00ed audiovizu\u00e1ln\u00ed techniku. P\u0159ipojen\u00ed k internetu WIFI je samoz\u0159ejmost\u00ed. Ubytov\u00e1n\u00ed zajist\u00edme. Z\u00e1bava na dosah P\u0159em\u00fd\u0161l\u00edte jak sv\u00e9 zam\u011bstnance \u010d\u00ed \u00fa\u010dastn\u00edky kongresu b\u011bhem jejich pobytu rozpt\u00fdlit? Nav\u0161tivte na\u0161i nov\u011b vybudovanou bowlingovou halu. K pron\u00e1jmu nab\u00edz\u00edme \u010dty\u0159i dr\u00e1hy. Kontaktujete na\u0161e zam\u011bstnance. Ti maj\u00ed n\u011bkolikalet\u00e9 zku\u0161enosti v oboru po\u0159\u00e1d\u00e1n\u00ed firemn\u00edch akc\u00ed a oslav. R\u00e1di V\u00e1m vypracujeme nab\u00eddku a dle Va\u0161ich p\u0159ipom\u00ednek a reakc\u00ed zrealizujeme dokonalou akci. V\u0161e pro spokojenost z\u00e1kazn\u00edka.                                                                                                                                                                                                                                                                                                                                                                                        4\/5 - (2 votes)        "},{"@context":"https:\/\/schema.org\/","@type":"BreadcrumbList","itemListElement":[{"@type":"ListItem","position":1,"name":"M\u00edsto pro firemn\u00ed akce","item":"https:\/\/www.etage.cz\/misto-pro-firemni-akce\/#breadcrumbitem"}]}]