[{"@context":"https:\/\/schema.org\/","@type":"Article","@id":"https:\/\/www.etage.cz\/krasne-ubytovani-v-prirode\/#Article","mainEntityOfPage":"https:\/\/www.etage.cz\/krasne-ubytovani-v-prirode\/","headline":"Kr\u00e1sn\u00e9 ubytov\u00e1n\u00ed v p\u0159\u00edrod\u011b","name":"Kr\u00e1sn\u00e9 ubytov\u00e1n\u00ed v p\u0159\u00edrod\u011b","description":"Ubytov\u00e1n\u00ed v \u010cerven\u00e9 Vod\u011b Hpapartmany.cz je jedna z nejlep\u0161\u00edch v\u011bc\u00ed, kter\u00e9 jsem mohla ud\u011blat. U\u017e dlouho jsem toti\u017e se synem [&hellip;]","datePublished":"2022-02-21","dateModified":"2023-05-01","author":{"@type":"Person","@id":"https:\/\/www.etage.cz\/author\/#Person","name":"","url":"https:\/\/www.etage.cz\/author\/","identifier":1,"image":{"@type":"ImageObject","@id":"https:\/\/secure.gravatar.com\/avatar\/a4f7f6499f3b2a0764d0773f1f5d74780987cfbea7e736c0e74f6185bb257971?s=96&d=mm&r=g","url":"https:\/\/secure.gravatar.com\/avatar\/a4f7f6499f3b2a0764d0773f1f5d74780987cfbea7e736c0e74f6185bb257971?s=96&d=mm&r=g","height":96,"width":96}},"publisher":{"@type":"Organization","name":"etage.cz","logo":{"@type":"ImageObject","@id":"\/logo.png","url":"\/logo.png","width":600,"height":60}},"image":{"@type":"ImageObject","@id":"https:\/\/www.etage.cz\/wp-content\/uploads\/cottage-2955582_960_720.jpg","url":"https:\/\/www.etage.cz\/wp-content\/uploads\/cottage-2955582_960_720.jpg","height":0,"width":0},"url":"https:\/\/www.etage.cz\/krasne-ubytovani-v-prirode\/","about":["Business"],"wordCount":458,"articleBody":"     Ubytov\u00e1n\u00ed v \u010cerven\u00e9 Vod\u011b Hpapartmany.cz je jedna z nejlep\u0161\u00edch v\u011bc\u00ed, kter\u00e9 jsem mohla ud\u011blat. U\u017e dlouho jsem toti\u017e se synem p\u0159em\u00fd\u0161lela, kam se pod\u00edv\u00e1me. Okol\u00ed na\u0161eho m\u011bsta u\u017e zn\u00e1me skoro nazpam\u011b\u0165 a okoln\u00ed m\u011bsta taky. Se synem toti\u017e moc r\u00e1di cestujeme nebo n\u011bkde v\u00fdlet\u00edme a tak n\u00e1s napadla i \u010cerven\u00e1 Voda. Teda abych byla up\u0159\u00edmn\u00e1, tak mi to doporu\u010dil m\u016fj bratr. Ten tam ji\u017e dvakr\u00e1t byl a byl v\u017edy velmi spokojen. L\u00edb\u00ed se mu pr\u00fd hlavn\u011b prost\u0159ed\u00ed, kde se ubytov\u00e1n\u00ed nach\u00e1z\u00ed. Byl cel\u00fd nad\u0161en\u00fd v kr\u00e1sn\u00e9 okoln\u00ed p\u0159\u00edrody, kter\u00e9 bylo v\u00edc ne\u017e dost. V\u00edte, bratr bydl\u00ed ve st\u0159edu m\u011bsta, kde je p\u0159\u00edrody sotva za nehet. A tak nen\u00ed v\u00fdjimka, \u017ee bratr vyhled\u00e1v\u00e1 m\u00edsta, kde je nejv\u00edce p\u0159\u00edroda. Nav\u00edc jsme my d\u011bti vyr\u016fstaly na vesnici. A to do sv\u00fdch asi deseti a dvan\u00e1cti let. Tak\u017ee na p\u0159\u00edrodu jsme hodn\u011b zvykl\u00ed a jsme na ni t\u00e9m\u011b\u0159 napojen\u00ed. Nav\u00edc kdo by nem\u011bl r\u00e1d tr\u00e1ven\u00ed \u010dasu v p\u0159\u00edrod\u011b?Mysl\u00edm, \u017ee jist\u011b ka\u017ed\u00fd si u\u017e\u00edv\u00e1 kr\u00e1sn\u00e9 a klidn\u00e9 dny v p\u0159\u00edrod\u011b. J\u00e1 t\u0159eba hodn\u011b m\u00e1m r\u00e1da lesy a louky. Jako d\u00edt\u011b jsem si hodn\u011b hr\u00e1la u les\u016f, kde byl opravdu \u010derstv\u00fd a \u010dist\u00fd vzduch. Moji rodi\u010de si d\u00e1vali hodn\u011b z\u00e1le\u017eet na tom, kde se jako d\u011bti pohybujeme. Oni sami vyr\u016fstali na vesnici a sami dob\u0159e v\u00ed, jak je zdrav\u00e9 vyr\u016fstat na \u010derstv\u00e9m vzduchu. Ten ve m\u011bst\u011b jist\u011b nen\u00ed. Nen\u00ed jednodu\u0161e nad p\u0159\u00edrodu. P\u0159\u00edroda je mocn\u00e1 a m\u00e1 jist\u011b sv\u00e9 pozitivn\u00ed \u00fa\u010dinky. A kdy\u017e ne na nemoci, tak na psychiku m\u00e1 kr\u00e1sn\u00e1 p\u0159\u00edroda jist\u011b kladn\u00fd vliv. M\u011b p\u0159\u00edroda v\u017edy uklidn\u00ed a j\u00e1 se c\u00edt\u00edm jin\u00e1 a sv\u011b\u017e\u00ed, prost\u011b lep\u0161\u00ed \u010dlov\u011bk. A pr\u00e1v\u011b takov\u00e9 v\u011bci se daj\u00ed za\u017e\u00edt v \u010cerven\u00e9 Vod\u011b. R\u00e1da bych v\u00e1m tam doporu\u010dila p\u0159\u00edjemn\u00e9 ubytov\u00e1n\u00ed, kter\u00fdch je tam mnoho. J\u00e1 si vybrala ubytov\u00e1n\u00ed nejbl\u00ed\u017ee k lesu, kter\u00fd mi p\u0159ipom\u00edn\u00e1 moje d\u011btstv\u00ed. A abych nezapomn\u011bla. Na tomto kr\u00e1sn\u00e9m m\u00edst\u011b jsem se taky nau\u010dila jezdit na koni. Na\u0161la jsem si tam jezdeck\u00fd odd\u00edl, kde mi bylo umo\u017en\u011bn\u00e9 za mal\u00fd poplatek si zajezdit na koni. Mus\u00edm \u0159\u00edct, \u017ee lep\u0161\u00ed aktivitu jsem si opravdu naj\u00edt nemohla. A v\u00edce informac\u00ed m\u00e1te kr\u00e1sn\u011b na na\u0161em webu.                                                                                                                                                                                                                                                                                                                                                                                                 "},{"@context":"https:\/\/schema.org\/","@type":"BreadcrumbList","itemListElement":[{"@type":"ListItem","position":1,"name":"Kr\u00e1sn\u00e9 ubytov\u00e1n\u00ed v p\u0159\u00edrod\u011b","item":"https:\/\/www.etage.cz\/krasne-ubytovani-v-prirode\/#breadcrumbitem"}]}]