[{"@context":"https:\/\/schema.org\/","@type":"Article","@id":"https:\/\/www.etage.cz\/je-mozne-koupit-moderni-postele-levne\/#Article","mainEntityOfPage":"https:\/\/www.etage.cz\/je-mozne-koupit-moderni-postele-levne\/","headline":"Je mo\u017en\u00e9 koupit modern\u00ed postele levn\u011b?","name":"Je mo\u017en\u00e9 koupit modern\u00ed postele levn\u011b?","description":"Je mo\u017en\u00e9 koupit modern\u00ed postele levn\u011b ? Cht\u011bli byste si vybavit sv\u016fj studentsk\u00fd byt n\u011bjak modern\u011b, proto\u017ee si ho chcete [&hellip;]","datePublished":"2025-03-23","dateModified":"2025-03-23","author":{"@type":"Person","@id":"https:\/\/www.etage.cz\/author\/#Person","name":"","url":"https:\/\/www.etage.cz\/author\/","identifier":1,"image":{"@type":"ImageObject","@id":"https:\/\/secure.gravatar.com\/avatar\/a4f7f6499f3b2a0764d0773f1f5d74780987cfbea7e736c0e74f6185bb257971?s=96&d=mm&r=g","url":"https:\/\/secure.gravatar.com\/avatar\/a4f7f6499f3b2a0764d0773f1f5d74780987cfbea7e736c0e74f6185bb257971?s=96&d=mm&r=g","height":96,"width":96}},"publisher":{"@type":"Organization","name":"etage.cz","logo":{"@type":"ImageObject","@id":"\/logo.png","url":"\/logo.png","width":600,"height":60}},"url":"https:\/\/www.etage.cz\/je-mozne-koupit-moderni-postele-levne\/","wordCount":248,"articleBody":" Je mo\u017en\u00e9 koupit modern\u00ed postele levn\u011b ? Cht\u011bli byste si vybavit sv\u016fj studentsk\u00fd byt n\u011bjak modern\u011b, proto\u017ee si ho chcete po studi\u00edch koupit \u010di pronajmout natrvalo? Potom V\u00e1m rozum\u00edme velice dob\u0159e. Chcete tak\u00e9 n\u011bjak\u00e9 modern\u00ed postele levn\u011b? S t\u00edm bychom V\u00e1m toti\u017e mohli pomoci. Co kdybyste se pod\u00edvali na na\u0161e internetov\u00e9 str\u00e1nky, kde m\u00e1me kompletn\u00ed nab\u00eddku postel\u00ed? M\u016f\u017eete si vyb\u00edrat z man\u017eelsk\u00fdch postel\u00ed, ale tak\u00e9 jsou tu d\u011btsk\u00e9 \u010di patrov\u00e9 postele. A jak\u00e9 byste cht\u011bli barvy? Je libo kombinaci \u010derven\u00e9 a \u010dern\u00e9, nebo byste rad\u011bji p\u011bknou zelenou? Z na\u0161\u00ed \u0161irok\u00e9 palety barev si ur\u010dit\u011b vyberete tu nejlep\u0161\u00ed pro svou lo\u017enici. M\u00e1me pro V\u00e1s postele levn\u011b! Cht\u011bli byste si koupit modern\u00ed postele levn\u011b? To by cht\u011bl asi ka\u017ed\u00fd, kdo by cht\u011bl d\u00e1vat zbyte\u010dn\u011b moc pen\u011bz za n\u011bco, co nen\u00ed kvalitn\u00ed? Vyberte si pr\u00e1v\u011b u n\u00e1s, proto\u017ee my pro V\u00e1s m\u00e1me speci\u00e1ln\u00ed nab\u00eddku. Jsme na trhu u\u017e dlouh\u00e1 l\u00e9ta, tak\u017ee v\u00edme, co se z\u00e1kazn\u00edk\u016fm l\u00edb\u00ed. Chceme jim vyj\u00edt vst\u0159\u00edc, tak\u017ee vyslechneme ka\u017ed\u00e9 z\u00e1kazn\u00edkovo p\u0159\u00e1n\u00ed. Vyberte si nap\u0159\u00edklad rozm\u011bry, pora\u010fte se s na\u0161imi \u0161kolen\u00fdmi pracovn\u00edky a ur\u010dit\u011b se najde produkt p\u0159\u00edmo pro V\u00e1s.                                                                                                                                                                                                                                                                                                                                                                                        4\/5 - (1 vote)        "},{"@context":"https:\/\/schema.org\/","@type":"BreadcrumbList","itemListElement":[{"@type":"ListItem","position":1,"name":"Je mo\u017en\u00e9 koupit modern\u00ed postele levn\u011b?","item":"https:\/\/www.etage.cz\/je-mozne-koupit-moderni-postele-levne\/#breadcrumbitem"}]}]