[{"@context":"https:\/\/schema.org\/","@type":"Article","@id":"https:\/\/www.etage.cz\/davate-si-nacas\/#Article","mainEntityOfPage":"https:\/\/www.etage.cz\/davate-si-nacas\/","headline":"D\u00e1v\u00e1te si na\u010das?","name":"D\u00e1v\u00e1te si na\u010das?","description":"P\u0159ijeli jste pozd\u011bji, ne\u017e se slu\u0161\u00ed. Koncert zn\u00e1m\u00e9ho zp\u011bv\u00e1ka b\u011b\u017eel u\u017e nejm\u00e9n\u011b patn\u00e1ct minut. \u0160lo o komorn\u00ed vystoupen\u00ed v hale [&hellip;]","datePublished":"2019-09-12","dateModified":"2023-05-01","author":{"@type":"Person","@id":"https:\/\/www.etage.cz\/author\/#Person","name":"","url":"https:\/\/www.etage.cz\/author\/","identifier":1,"image":{"@type":"ImageObject","@id":"https:\/\/secure.gravatar.com\/avatar\/a4f7f6499f3b2a0764d0773f1f5d74780987cfbea7e736c0e74f6185bb257971?s=96&d=mm&r=g","url":"https:\/\/secure.gravatar.com\/avatar\/a4f7f6499f3b2a0764d0773f1f5d74780987cfbea7e736c0e74f6185bb257971?s=96&d=mm&r=g","height":96,"width":96}},"publisher":{"@type":"Organization","name":"etage.cz","logo":{"@type":"ImageObject","@id":"\/logo.png","url":"\/logo.png","width":600,"height":60}},"image":{"@type":"ImageObject","@id":"https:\/\/www.etage.cz\/wp-content\/uploads\/img_a355544_w3693_t1569752023.png","url":"https:\/\/www.etage.cz\/wp-content\/uploads\/img_a355544_w3693_t1569752023.png","height":0,"width":0},"url":"https:\/\/www.etage.cz\/davate-si-nacas\/","about":["Lifestyle"],"wordCount":490,"articleBody":"P\u0159ijeli jste pozd\u011bji, ne\u017e se slu\u0161\u00ed. Koncert zn\u00e1m\u00e9ho zp\u011bv\u00e1ka b\u011b\u017eel u\u017e nejm\u00e9n\u011b patn\u00e1ct minut. \u0160lo o komorn\u00ed vystoupen\u00ed v hale s m\u00edsty jen na sezen\u00ed. V p\u0159\u00edslu\u0161n\u00e9 \u0159ad\u011b sedadel museli v\u0161ichni vst\u00e1t, abyste mohli proj\u00edt na m\u00edsto dan\u00e9 Va\u0161\u00ed vstupenkou. C\u00edtili jste tu trapnost, rad\u0161i jste ani nekoukali do tv\u00e1\u0159\u00ed lidem, kte\u0159\u00ed V\u00e1s pou\u0161t\u011bli. Jeden p\u00e1n v\u0161e korunoval u\u0161t\u011bpa\u010dnou pozn\u00e1mkou, co\u017e jste taktn\u011b p\u0159e\u0161li. M\u011bl pravdu, dochvilnost je v\u00fdsadou kr\u00e1l\u016f. Ten ve\u010der jste jimi op\u011bt nemohli b\u00fdt.\t\tVrozen\u00e1 nebo z\u00edskan\u00e1?Debaty o tom, zda lze dochvilnost br\u00e1t jako v\u00fdsledek spr\u00e1vn\u00e9 v\u00fdchovy \u010di je \u010dlov\u011bku \u201ed\u00e1na do v\u00ednku\u201c, ob\u010dasn\u011b jist\u011b v\u00a0hovorech zazn\u00edvaj\u00ed. Pravda bude pravd\u011bpodobn\u011b n\u011bkde v pov\u011bstn\u00e9m st\u0159edu. Nicm\u00e9n\u011b pro \u201en\u00e1pravu\u201c zm\u00edn\u011bn\u00e9ho to nen\u00ed a\u017e zase tak podstatn\u00e9. D\u016fle\u017eit\u00e9 je, \u017ee i zde existuje prostor pro zlep\u0161en\u00ed. Probl\u00e9my s\u00a0v\u010dasn\u00fdm p\u0159\u00edchodem kamkoli m\u00e1 spoustu lid\u00ed. P\u0159edev\u0161\u00edm pr\u00e1v\u011b jim jsou n\u00e1sleduj\u00edc\u00ed \u0159\u00e1dky ur\u010den\u00e9.\tJak na to?V\u00a0prvn\u00ed \u0159ad\u011b jde o ur\u010den\u00ed p\u0159\u00ed\u010diny. Mo\u017en\u00e1 to zn\u00ed \u00fasm\u011bvn\u011b, \u0159eknete si \u201eprost\u011b r\u00e1no vych\u00e1z\u00edm pozd\u011b z\u00a0domu\u201c. Jde samoz\u0159ejm\u011b o tvrzen\u00ed pravdiv\u00e9, co ale ono zpo\u017ed\u011bn\u00ed zp\u016fsobuje? Co v\u0161e standardn\u011b d\u011bl\u00e1te p\u0159ed t\u00edm, ne\u017e jste p\u0159ipraveni k\u00a0odchodu? Mus\u00edte to d\u011blat? Lze si z\u00a0toho n\u011bco p\u0159ipravit den p\u0159edchoz\u00ed? Uvid\u00edte, \u017ee po zodpov\u011bzen\u00ed t\u011bchto ot\u00e1zek dojdete k\u00a0v\u00fdsledku, kter\u00fd bude ve sv\u00e9m d\u016fsledku znamenat reorganizaci, resp. zm\u011bnu za\u017eit\u00fdch kolej\u00ed. Konkr\u00e9tn\u011b jde nap\u0159\u00edklad o \u00fakony jako:\u2022\u00a0\u00a0\u00a0 oble\u010den\u00ed a v\u011bci, kter\u00e9 s sebou odn\u00e1\u0161\u00edte, si p\u0159ipravujte v\u017edy den p\u0159edem a na stejn\u00e9 m\u00edsto\u2022\u00a0\u00a0\u00a0 zjednodu\u0161te sn\u00eddani a m\u011bjte suroviny p\u0159ipraven\u00e9 tak\u00e9 ze dne p\u0159ede\u0161l\u00e9ho\u2022\u00a0\u00a0\u00a0 vyl\u00e9zejte z\u00a0postele o n\u011bco d\u0159\u00edv, je-li pro V\u00e1s \u010das na rann\u00ed hygienu a sn\u00eddani p\u0159\u00edli\u0161 kr\u00e1tk\u00fd&#8211;\u00a0\u00a0\u00a0\u00a0\u00a0\u00a0\u00a0\u00a0\u00a0 pokud obt\u00ed\u017en\u011b vst\u00e1v\u00e1te po prvn\u00edm zazvon\u011bn\u00ed bud\u00edku, m\u011bli byste p\u0159ehodnotit \u010das, ve kter\u00fd se ukl\u00e1d\u00e1te ke sp\u00e1nku\u2022 \u00a0\u00a0\u00a0ned\u011blejte hned r\u00e1no \u00fakony, kter\u00e9 nemus\u00edte, nap\u0159\u00edklad odepisov\u00e1n\u00ed na emaily\u2022\u00a0\u00a0\u00a0 po\u010d\u00edtejte dop\u0159edu s\u00a0mo\u017en\u00fdm zpo\u017ed\u011bn\u00edm na cest\u011b, tj. m\u011bjte v\u017edy minim\u00e1ln\u011b p\u011bt a\u017e deset minut rezervu\u00a0V\u011b\u0159\u00edme, \u017ee s\u00a0t\u011bmito radami se v\u0161echny pozdn\u00ed p\u0159\u00edchody na pracovi\u0161t\u011b stanou minulost\u00ed. Dochvilnost tak bude i Va\u0161\u00ed v\u00fdsadou, nikoli jen kr\u00e1l\u016f.\u00a0                                                                                                                                                                                                                                                                                                                                                                                        2\/5 - (1 vote)        "},{"@context":"https:\/\/schema.org\/","@type":"BreadcrumbList","itemListElement":[{"@type":"ListItem","position":1,"name":"D\u00e1v\u00e1te si na\u010das?","item":"https:\/\/www.etage.cz\/davate-si-nacas\/#breadcrumbitem"}]}]