{"@context":"https:\/\/schema.org\/","@type":"CollectionPage","@id":"https:\/\/www.etage.cz\/byt-a-dum\/#CollectionPage","headline":"Byt a d\u016fm Category","description":"","url":"https:\/\/www.etage.cz\/byt-a-dum\/","hasPart":[{"@type":"Article","@id":"https:\/\/www.etage.cz\/interier-ktery-si-zamilujete\/","headline":"Interi\u00e9r, kter\u00fd si zamilujete","url":"https:\/\/www.etage.cz\/interier-ktery-si-zamilujete\/","datePublished":"2025-08-20","dateModified":"2025-08-20","mainEntityOfPage":"https:\/\/www.etage.cz\/interier-ktery-si-zamilujete\/","author":{"@type":"Person","@id":"https:\/\/www.etage.cz\/author\/#Person","name":"","url":"https:\/\/www.etage.cz\/author\/","identifier":1,"image":{"@type":"ImageObject","@id":"https:\/\/secure.gravatar.com\/avatar\/a4f7f6499f3b2a0764d0773f1f5d74780987cfbea7e736c0e74f6185bb257971?s=96&d=mm&r=g","url":"https:\/\/secure.gravatar.com\/avatar\/a4f7f6499f3b2a0764d0773f1f5d74780987cfbea7e736c0e74f6185bb257971?s=96&d=mm&r=g","height":96,"width":96}},"publisher":{"@type":"Organization","name":"etage.cz","logo":{"@type":"ImageObject","@id":"\/logo.png","url":"\/logo.png","width":600,"height":60}},"image":{"@type":"ImageObject","@id":"https:\/\/www.etage.cz\/wp-content\/uploads\/wardrobe-4167975_640_10_10_10_10_10_4.jpg","url":"https:\/\/www.etage.cz\/wp-content\/uploads\/wardrobe-4167975_640_10_10_10_10_10_4.jpg","height":0,"width":0},"keywords":null},{"@type":"Article","@id":"https:\/\/www.etage.cz\/latkova-je-klasika-ktera-nikdy-neomrzi\/","headline":"L\u00e1tkov\u00e1 je klasika, kter\u00e1 nikdy neomrz\u00ed!","url":"https:\/\/www.etage.cz\/latkova-je-klasika-ktera-nikdy-neomrzi\/","datePublished":"2023-05-01","dateModified":"2023-05-01","mainEntityOfPage":"https:\/\/www.etage.cz\/latkova-je-klasika-ktera-nikdy-neomrzi\/","author":{"@type":"Person","@id":"https:\/\/www.etage.cz\/author\/#Person","name":"","url":"https:\/\/www.etage.cz\/author\/","identifier":1,"image":{"@type":"ImageObject","@id":"https:\/\/secure.gravatar.com\/avatar\/a4f7f6499f3b2a0764d0773f1f5d74780987cfbea7e736c0e74f6185bb257971?s=96&d=mm&r=g","url":"https:\/\/secure.gravatar.com\/avatar\/a4f7f6499f3b2a0764d0773f1f5d74780987cfbea7e736c0e74f6185bb257971?s=96&d=mm&r=g","height":96,"width":96}},"publisher":{"@type":"Organization","name":"etage.cz","logo":{"@type":"ImageObject","@id":"\/logo.png","url":"\/logo.png","width":600,"height":60}},"image":null,"keywords":null},{"@type":"Article","@id":"https:\/\/www.etage.cz\/mobilni-domy-bydleni-s-nadechem-dovolene\/","headline":"Mobiln\u00ed domy &#8211; bydlen\u00ed s n\u00e1dechem dovolen\u00e9","url":"https:\/\/www.etage.cz\/mobilni-domy-bydleni-s-nadechem-dovolene\/","datePublished":"2021-09-02","dateModified":"2023-05-01","mainEntityOfPage":"https:\/\/www.etage.cz\/mobilni-domy-bydleni-s-nadechem-dovolene\/","author":{"@type":"Person","@id":"https:\/\/www.etage.cz\/author\/#Person","name":"","url":"https:\/\/www.etage.cz\/author\/","identifier":1,"image":{"@type":"ImageObject","@id":"https:\/\/secure.gravatar.com\/avatar\/a4f7f6499f3b2a0764d0773f1f5d74780987cfbea7e736c0e74f6185bb257971?s=96&d=mm&r=g","url":"https:\/\/secure.gravatar.com\/avatar\/a4f7f6499f3b2a0764d0773f1f5d74780987cfbea7e736c0e74f6185bb257971?s=96&d=mm&r=g","height":96,"width":96}},"publisher":{"@type":"Organization","name":"etage.cz","logo":{"@type":"ImageObject","@id":"\/logo.png","url":"\/logo.png","width":600,"height":60}},"image":{"@type":"ImageObject","@id":"https:\/\/www.etage.cz\/wp-content\/uploads\/living-room-gd73a35fb4_640.jpg","url":"https:\/\/www.etage.cz\/wp-content\/uploads\/living-room-gd73a35fb4_640.jpg","height":0,"width":0},"keywords":null},{"@type":"Article","@id":"https:\/\/www.etage.cz\/udelejte-celkovou-rekonstrukci-opravdu-chytre\/","headline":"Ud\u011blejte celkovou rekonstrukci opravdu chyt\u0159e","url":"https:\/\/www.etage.cz\/udelejte-celkovou-rekonstrukci-opravdu-chytre\/","datePublished":"2020-02-21","dateModified":"2023-05-01","mainEntityOfPage":"https:\/\/www.etage.cz\/udelejte-celkovou-rekonstrukci-opravdu-chytre\/","author":{"@type":"Person","@id":"https:\/\/www.etage.cz\/author\/#Person","name":"","url":"https:\/\/www.etage.cz\/author\/","identifier":1,"image":{"@type":"ImageObject","@id":"https:\/\/secure.gravatar.com\/avatar\/a4f7f6499f3b2a0764d0773f1f5d74780987cfbea7e736c0e74f6185bb257971?s=96&d=mm&r=g","url":"https:\/\/secure.gravatar.com\/avatar\/a4f7f6499f3b2a0764d0773f1f5d74780987cfbea7e736c0e74f6185bb257971?s=96&d=mm&r=g","height":96,"width":96}},"publisher":{"@type":"Organization","name":"etage.cz","logo":{"@type":"ImageObject","@id":"\/logo.png","url":"\/logo.png","width":600,"height":60}},"image":{"@type":"ImageObject","@id":"https:\/\/www.etage.cz\/wp-content\/uploads\/img_a381614_w3076_t1592816721.jpg","url":"https:\/\/www.etage.cz\/wp-content\/uploads\/img_a381614_w3076_t1592816721.jpg","height":0,"width":0},"keywords":null},{"@type":"Article","@id":"https:\/\/www.etage.cz\/jak-levne-zaridit-koupelnu-v-byte-urcenem-k-pronajmu\/","headline":"Jak levn\u011b za\u0159\u00eddit koupelnu v byt\u011b ur\u010den\u00e9m k pron\u00e1jmu?","url":"https:\/\/www.etage.cz\/jak-levne-zaridit-koupelnu-v-byte-urcenem-k-pronajmu\/","datePublished":"2020-01-25","dateModified":"2023-05-01","mainEntityOfPage":"https:\/\/www.etage.cz\/jak-levne-zaridit-koupelnu-v-byte-urcenem-k-pronajmu\/","author":{"@type":"Person","@id":"https:\/\/www.etage.cz\/author\/#Person","name":"","url":"https:\/\/www.etage.cz\/author\/","identifier":1,"image":{"@type":"ImageObject","@id":"https:\/\/secure.gravatar.com\/avatar\/a4f7f6499f3b2a0764d0773f1f5d74780987cfbea7e736c0e74f6185bb257971?s=96&d=mm&r=g","url":"https:\/\/secure.gravatar.com\/avatar\/a4f7f6499f3b2a0764d0773f1f5d74780987cfbea7e736c0e74f6185bb257971?s=96&d=mm&r=g","height":96,"width":96}},"publisher":{"@type":"Organization","name":"etage.cz","logo":{"@type":"ImageObject","@id":"\/logo.png","url":"\/logo.png","width":600,"height":60}},"image":{"@type":"ImageObject","@id":"https:\/\/www.etage.cz\/wp-content\/uploads\/img_a369651_w4256_t1581777108.jpg","url":"https:\/\/www.etage.cz\/wp-content\/uploads\/img_a369651_w4256_t1581777108.jpg","height":0,"width":0},"keywords":null},{"@type":"Article","@id":"https:\/\/www.etage.cz\/reseni-ma-jmeno-pujcka\/","headline":"\u0158e\u0161en\u00ed m\u00e1 jm\u00e9no p\u016fj\u010dka","url":"https:\/\/www.etage.cz\/reseni-ma-jmeno-pujcka\/","datePublished":"2020-01-04","dateModified":"2023-05-01","mainEntityOfPage":"https:\/\/www.etage.cz\/reseni-ma-jmeno-pujcka\/","author":{"@type":"Person","@id":"https:\/\/www.etage.cz\/author\/#Person","name":"","url":"https:\/\/www.etage.cz\/author\/","identifier":1,"image":{"@type":"ImageObject","@id":"https:\/\/secure.gravatar.com\/avatar\/a4f7f6499f3b2a0764d0773f1f5d74780987cfbea7e736c0e74f6185bb257971?s=96&d=mm&r=g","url":"https:\/\/secure.gravatar.com\/avatar\/a4f7f6499f3b2a0764d0773f1f5d74780987cfbea7e736c0e74f6185bb257971?s=96&d=mm&r=g","height":96,"width":96}},"publisher":{"@type":"Organization","name":"etage.cz","logo":{"@type":"ImageObject","@id":"\/logo.png","url":"\/logo.png","width":600,"height":60}},"image":{"@type":"ImageObject","@id":"https:\/\/www.etage.cz\/wp-content\/uploads\/img_a378365_w4252_t1589537713.jpg","url":"https:\/\/www.etage.cz\/wp-content\/uploads\/img_a378365_w4252_t1589537713.jpg","height":0,"width":0},"keywords":null},{"@type":"Article","@id":"https:\/\/www.etage.cz\/hledate-podnajem-pozor-at-nenaletite\/","headline":"Hled\u00e1te podn\u00e1jem? Pozor, a\u0165 nenalet\u00edte!","url":"https:\/\/www.etage.cz\/hledate-podnajem-pozor-at-nenaletite\/","datePublished":"2019-11-18","dateModified":"2023-05-01","mainEntityOfPage":"https:\/\/www.etage.cz\/hledate-podnajem-pozor-at-nenaletite\/","author":{"@type":"Person","@id":"https:\/\/www.etage.cz\/author\/#Person","name":"","url":"https:\/\/www.etage.cz\/author\/","identifier":1,"image":{"@type":"ImageObject","@id":"https:\/\/secure.gravatar.com\/avatar\/a4f7f6499f3b2a0764d0773f1f5d74780987cfbea7e736c0e74f6185bb257971?s=96&d=mm&r=g","url":"https:\/\/secure.gravatar.com\/avatar\/a4f7f6499f3b2a0764d0773f1f5d74780987cfbea7e736c0e74f6185bb257971?s=96&d=mm&r=g","height":96,"width":96}},"publisher":{"@type":"Organization","name":"etage.cz","logo":{"@type":"ImageObject","@id":"\/logo.png","url":"\/logo.png","width":600,"height":60}},"image":{"@type":"ImageObject","@id":"https:\/\/www.etage.cz\/wp-content\/uploads\/img_a360920_w3693_t1574508141.jpg","url":"https:\/\/www.etage.cz\/wp-content\/uploads\/img_a360920_w3693_t1574508141.jpg","height":0,"width":0},"keywords":null},{"@type":"Article","@id":"https:\/\/www.etage.cz\/priprava-vasi-zahrady-na-zimu\/","headline":"P\u0159\u00edprava va\u0161\u00ed zahrady na zimu","url":"https:\/\/www.etage.cz\/priprava-vasi-zahrady-na-zimu\/","datePublished":"2019-09-25","dateModified":"2023-05-01","mainEntityOfPage":"https:\/\/www.etage.cz\/priprava-vasi-zahrady-na-zimu\/","author":{"@type":"Person","@id":"https:\/\/www.etage.cz\/author\/#Person","name":"","url":"https:\/\/www.etage.cz\/author\/","identifier":1,"image":{"@type":"ImageObject","@id":"https:\/\/secure.gravatar.com\/avatar\/a4f7f6499f3b2a0764d0773f1f5d74780987cfbea7e736c0e74f6185bb257971?s=96&d=mm&r=g","url":"https:\/\/secure.gravatar.com\/avatar\/a4f7f6499f3b2a0764d0773f1f5d74780987cfbea7e736c0e74f6185bb257971?s=96&d=mm&r=g","height":96,"width":96}},"publisher":{"@type":"Organization","name":"etage.cz","logo":{"@type":"ImageObject","@id":"\/logo.png","url":"\/logo.png","width":600,"height":60}},"image":{"@type":"ImageObject","@id":"https:\/\/www.etage.cz\/wp-content\/uploads\/img_a354966_w3693_t1569415094.jpg","url":"https:\/\/www.etage.cz\/wp-content\/uploads\/img_a354966_w3693_t1569415094.jpg","height":0,"width":0},"keywords":null},{"@type":"Article","@id":"https:\/\/www.etage.cz\/jak-dosahnout-bezpecnosti-v-interieru\/","headline":"Jak dos\u00e1hnout bezpe\u010dnosti v interi\u00e9ru?","url":"https:\/\/www.etage.cz\/jak-dosahnout-bezpecnosti-v-interieru\/","datePublished":"2019-09-09","dateModified":"2023-05-01","mainEntityOfPage":"https:\/\/www.etage.cz\/jak-dosahnout-bezpecnosti-v-interieru\/","author":{"@type":"Person","@id":"https:\/\/www.etage.cz\/author\/#Person","name":"","url":"https:\/\/www.etage.cz\/author\/","identifier":1,"image":{"@type":"ImageObject","@id":"https:\/\/secure.gravatar.com\/avatar\/a4f7f6499f3b2a0764d0773f1f5d74780987cfbea7e736c0e74f6185bb257971?s=96&d=mm&r=g","url":"https:\/\/secure.gravatar.com\/avatar\/a4f7f6499f3b2a0764d0773f1f5d74780987cfbea7e736c0e74f6185bb257971?s=96&d=mm&r=g","height":96,"width":96}},"publisher":{"@type":"Organization","name":"etage.cz","logo":{"@type":"ImageObject","@id":"\/logo.png","url":"\/logo.png","width":600,"height":60}},"image":{"@type":"ImageObject","@id":"https:\/\/www.etage.cz\/wp-content\/uploads\/img_a365474_w1930_t1578308345.jpg","url":"https:\/\/www.etage.cz\/wp-content\/uploads\/img_a365474_w1930_t1578308345.jpg","height":0,"width":0},"keywords":null},{"@type":"Article","@id":"https:\/\/www.etage.cz\/jak-vybrat-ty-prave-zavesy-do-bytu\/","headline":"Jak vybrat ty prav\u00e9 z\u00e1v\u011bsy do bytu?","url":"https:\/\/www.etage.cz\/jak-vybrat-ty-prave-zavesy-do-bytu\/","datePublished":"2019-05-14","dateModified":"2023-05-01","mainEntityOfPage":"https:\/\/www.etage.cz\/jak-vybrat-ty-prave-zavesy-do-bytu\/","author":{"@type":"Person","@id":"https:\/\/www.etage.cz\/author\/#Person","name":"","url":"https:\/\/www.etage.cz\/author\/","identifier":1,"image":{"@type":"ImageObject","@id":"https:\/\/secure.gravatar.com\/avatar\/a4f7f6499f3b2a0764d0773f1f5d74780987cfbea7e736c0e74f6185bb257971?s=96&d=mm&r=g","url":"https:\/\/secure.gravatar.com\/avatar\/a4f7f6499f3b2a0764d0773f1f5d74780987cfbea7e736c0e74f6185bb257971?s=96&d=mm&r=g","height":96,"width":96}},"publisher":{"@type":"Organization","name":"etage.cz","logo":{"@type":"ImageObject","@id":"\/logo.png","url":"\/logo.png","width":600,"height":60}},"image":{"@type":"ImageObject","@id":"https:\/\/www.etage.cz\/wp-content\/uploads\/img_a345341_w2963_t1558986109.jpg","url":"https:\/\/www.etage.cz\/wp-content\/uploads\/img_a345341_w2963_t1558986109.jpg","height":0,"width":0},"keywords":null}]}